{"id":940,"date":"2020-11-23T12:40:54","date_gmt":"2020-11-23T12:40:54","guid":{"rendered":"https:\/\/wordpress.kingthemes.net\/kingflix\/?p=940"},"modified":"2021-12-22T04:25:26","modified_gmt":"2021-12-22T04:25:26","slug":"tall-girl","status":"publish","type":"post","link":"https:\/\/turismoemrede.com.br\/index.php\/2020\/11\/23\/tall-girl\/","title":{"rendered":"Projeto PertenSER &#8211; Parceria Sustentarte + Oficina do Vidro + Turismo em Rede"},"content":{"rendered":"<div class=\"wpb-content-wrapper\"><div class=\"vc_row wpb_row vc_row-fluid\"><div class=\"wpb_column vc_column_container vc_col-sm-12\"><div class=\"vc_column-inner\"><div class=\"wpb_wrapper\">\n\t<div class=\"wpb_text_column wpb_content_element\" >\n\t\t<div class=\"wpb_wrapper\">\n\t\t\t<p>Em setembro de 2021, o Turismo em Rede em parceria com a Sustentarte Vidros e Oficina do Vidro, submeteu o Projeto PertenSER ao Chamado 2030, para compor o banco de projetos na plataforma do Grupo Botic\u00e1rio <a href=\"https:\/\/umabelezadefuturo.com.br\/transformeofuturodabeleza\/\">#UmaBelezadeFuturo<\/a>: uma iniciativa coletiva, transversal e conectada com o hoje e o amanh\u00e3.<\/p>\n\n\t\t<\/div>\n\t<\/div>\n<\/div><\/div><\/div><\/div><div class=\"vc_row wpb_row vc_row-fluid\"><div class=\"wpb_column vc_column_container vc_col-sm-12\"><div class=\"vc_column-inner\"><div class=\"wpb_wrapper\">\n\t<div  class=\"wpb_single_image wpb_content_element vc_align_left wpb_content_element\">\n\t\t<h2 class=\"wpb_heading wpb_singleimage_heading\">Sustentarte<\/h2>\n\t\t<figure class=\"wpb_wrapper vc_figure\">\n\t\t\t<div class=\"vc_single_image-wrapper   vc_box_border_grey\"><\/div>\n\t\t<\/figure>\n\t<\/div>\n<\/div><\/div><\/div><\/div><div class=\"vc_row wpb_row vc_row-fluid\"><div class=\"wpb_column vc_column_container vc_col-sm-12\"><div class=\"vc_column-inner\"><div class=\"wpb_wrapper\">\n\t<div class=\"wpb_text_column wpb_content_element\" >\n\t\t<div class=\"wpb_wrapper\">\n\t\t\t<p>Sustentarte:<\/p>\n<p>A crescente agress\u00e3o ao meio ambiente, o descarte irregular de res\u00edduos v\u00edtreos como garrafas, fez florir uma ideia inovadora e ambiciosa.<\/p>\n<p>O desenvolvimento de um projeto s\u00f3cio econ\u00f4mico ambiental que visa buscar e implantar medidas que efetivas que possam amenizar a situa\u00e7\u00e3o. Essa ideia inovadora faz surgir a Sustentarte, idealizada por Juscelino Coelho Pinheiro, com o intuito de ajudar e conscientizar o setor p\u00fablico e privado, e organizar a sociedade para que possam participar mais efetivamente, de modo que possa trazer benef\u00edcios para todos .<\/p>\n<p><a href=\"https:\/\/sustentarte.com.br\/\">Site do Sustentarte<\/a><\/p>\n\n\t\t<\/div>\n\t<\/div>\n<\/div><\/div><\/div><\/div>\n<\/div>","protected":false},"excerpt":{"rendered":"Em setembro de 2021, o Turismo em Rede em parceria...","protected":false},"author":1,"featured_media":1495,"comment_status":"open","ping_status":"open","sticky":false,"template":"","format":"standard","meta":{"_acf_changed":false,"footnotes":""},"categories":[184],"tags":[],"class_list":["post-940","post","type-post","status-publish","format-standard","has-post-thumbnail","hentry","category-na-midia"],"acf":[],"_links":{"self":[{"href":"https:\/\/turismoemrede.com.br\/index.php\/wp-json\/wp\/v2\/posts\/940","targetHints":{"allow":["GET"]}}],"collection":[{"href":"https:\/\/turismoemrede.com.br\/index.php\/wp-json\/wp\/v2\/posts"}],"about":[{"href":"https:\/\/turismoemrede.com.br\/index.php\/wp-json\/wp\/v2\/types\/post"}],"author":[{"embeddable":true,"href":"https:\/\/turismoemrede.com.br\/index.php\/wp-json\/wp\/v2\/users\/1"}],"replies":[{"embeddable":true,"href":"https:\/\/turismoemrede.com.br\/index.php\/wp-json\/wp\/v2\/comments?post=940"}],"version-history":[{"count":5,"href":"https:\/\/turismoemrede.com.br\/index.php\/wp-json\/wp\/v2\/posts\/940\/revisions"}],"predecessor-version":[{"id":1245,"href":"https:\/\/turismoemrede.com.br\/index.php\/wp-json\/wp\/v2\/posts\/940\/revisions\/1245"}],"wp:featuredmedia":[{"embeddable":true,"href":"https:\/\/turismoemrede.com.br\/index.php\/wp-json\/wp\/v2\/media\/1495"}],"wp:attachment":[{"href":"https:\/\/turismoemrede.com.br\/index.php\/wp-json\/wp\/v2\/media?parent=940"}],"wp:term":[{"taxonomy":"category","embeddable":true,"href":"https:\/\/turismoemrede.com.br\/index.php\/wp-json\/wp\/v2\/categories?post=940"},{"taxonomy":"post_tag","embeddable":true,"href":"https:\/\/turismoemrede.com.br\/index.php\/wp-json\/wp\/v2\/tags?post=940"}],"curies":[{"name":"wp","href":"https:\/\/api.w.org\/{rel}","templated":true}]}}