{"id":88,"date":"2017-01-23T19:37:48","date_gmt":"2017-01-23T19:37:48","guid":{"rendered":"http:\/\/king.kingthemes.net\/vimeo-alma\/"},"modified":"2022-01-25T17:56:18","modified_gmt":"2022-01-25T17:56:18","slug":"vimeo-alma","status":"publish","type":"post","link":"https:\/\/turismoemrede.com.br\/index.php\/2017\/01\/23\/vimeo-alma\/","title":{"rendered":"Tend\u00eancias Globais no Turismo"},"content":{"rendered":"<div class=\"wpb-content-wrapper\"><div class=\"vc_row wpb_row vc_row-fluid\"><div class=\"wpb_column vc_column_container vc_col-sm-12\"><div class=\"vc_column-inner\"><div class=\"wpb_wrapper\">\n\t<div class=\"wpb_text_column wpb_content_element\" >\n\t\t<div class=\"wpb_wrapper\">\n\t\t\t<p>Confira o que eram tend\u00eancias globais no Turismo em 2019 e veja s\u00f3 como elas n\u00e3o s\u00f3 se confirmaram como est\u00e3o sendo potencializadas a cada dia, principalmente ap\u00f3s a Pandemia.<\/p>\n<p>O mundo p\u00f3s-Covid tem feito uma grande transforma\u00e7\u00e3o na vida das pessoas e consequentemente uma enorme mudan\u00e7a no comportamento dos turistas, mais conscientes, exigentes, tecnol\u00f3gicos e buscando experi\u00eancias mais autenticas.<\/p>\n<p><a href=\"http:\/\/blog.sebraees.com.br\/2019\/08\/14\/o-turismo-e-as-tendencias-globais\/\">Segue a mat\u00e9ria que escrevi para o Sebrae\/ES.<\/a><\/p>\n<p>Eu gosto muito de acompanhar o que a Marta Poggi vem trazendo sobre o comportamento do novo turista. Ela \u00e9 super antenada e gera conte\u00fado muito bacana, por exemplo: <a href=\"https:\/\/agentenoturismo.com.br\/2020\/11\/17\/7-tendencias-do-turismo-em-2021\/\">7 Tend\u00eancias do Turismo em 2021<\/a><\/p>\n\n\t\t<\/div>\n\t<\/div>\n<\/div><\/div><\/div><\/div>\n<\/div>","protected":false},"excerpt":{"rendered":"Confira o que eram tend\u00eancias globais no Turismo em 2019...","protected":false},"author":1,"featured_media":1620,"comment_status":"open","ping_status":"open","sticky":false,"template":"","format":"standard","meta":{"_acf_changed":false,"footnotes":""},"categories":[179],"tags":[138,139],"class_list":["post-88","post","type-post","status-publish","format-standard","has-post-thumbnail","hentry","category-conteudo2","tag-video","tag-vimeo"],"acf":[],"_links":{"self":[{"href":"https:\/\/turismoemrede.com.br\/index.php\/wp-json\/wp\/v2\/posts\/88","targetHints":{"allow":["GET"]}}],"collection":[{"href":"https:\/\/turismoemrede.com.br\/index.php\/wp-json\/wp\/v2\/posts"}],"about":[{"href":"https:\/\/turismoemrede.com.br\/index.php\/wp-json\/wp\/v2\/types\/post"}],"author":[{"embeddable":true,"href":"https:\/\/turismoemrede.com.br\/index.php\/wp-json\/wp\/v2\/users\/1"}],"replies":[{"embeddable":true,"href":"https:\/\/turismoemrede.com.br\/index.php\/wp-json\/wp\/v2\/comments?post=88"}],"version-history":[{"count":2,"href":"https:\/\/turismoemrede.com.br\/index.php\/wp-json\/wp\/v2\/posts\/88\/revisions"}],"predecessor-version":[{"id":1226,"href":"https:\/\/turismoemrede.com.br\/index.php\/wp-json\/wp\/v2\/posts\/88\/revisions\/1226"}],"wp:featuredmedia":[{"embeddable":true,"href":"https:\/\/turismoemrede.com.br\/index.php\/wp-json\/wp\/v2\/media\/1620"}],"wp:attachment":[{"href":"https:\/\/turismoemrede.com.br\/index.php\/wp-json\/wp\/v2\/media?parent=88"}],"wp:term":[{"taxonomy":"category","embeddable":true,"href":"https:\/\/turismoemrede.com.br\/index.php\/wp-json\/wp\/v2\/categories?post=88"},{"taxonomy":"post_tag","embeddable":true,"href":"https:\/\/turismoemrede.com.br\/index.php\/wp-json\/wp\/v2\/tags?post=88"}],"curies":[{"name":"wp","href":"https:\/\/api.w.org\/{rel}","templated":true}]}}