{"id":1289,"date":"2021-11-06T05:22:28","date_gmt":"2021-11-06T05:22:28","guid":{"rendered":"http:\/\/turismoemrede.com.br\/?p=1289"},"modified":"2021-12-22T04:25:18","modified_gmt":"2021-12-22T04:25:18","slug":"maeba-a-oficina","status":"publish","type":"post","link":"https:\/\/turismoemrede.com.br\/index.php\/2021\/11\/06\/maeba-a-oficina\/","title":{"rendered":"Maeb\u00e1 &#8211; A Oficina"},"content":{"rendered":"<p><img fetchpriority=\"high\" decoding=\"async\" class=\"size-medium wp-image-1542 alignleft\" src=\"https:\/\/turismoemrede.com.br\/wp-content\/uploads\/2021\/11\/a-oficina-maeba-300x218.jpg\" alt=\"\" width=\"300\" height=\"218\" srcset=\"https:\/\/turismoemrede.com.br\/wp-content\/uploads\/2021\/11\/a-oficina-maeba-300x218.jpg 300w, https:\/\/turismoemrede.com.br\/wp-content\/uploads\/2021\/11\/a-oficina-maeba-18x12.jpg 18w, https:\/\/turismoemrede.com.br\/wp-content\/uploads\/2021\/11\/a-oficina-maeba.jpg 491w\" sizes=\"(max-width: 300px) 100vw, 300px\" \/>Hoje aconteceu a primeira reuni\u00e3o do Desafio M\u00e3e-B\u00e1 internacional (Foco no potencial tur\u00edstico)<br \/>\nForam tr\u00eas horas de troca de experi\u00eancias e muito conhecimento.<br \/>\nEm fun\u00e7\u00e3o do momento atual, tivemos que limitar o n\u00famero de pessoas na reuni\u00e3o e outras pessoas essenciais para alavancar o projeto n\u00e3o puderam estar presente.<br \/>\nAgora \u00e9 focar no plano de a\u00e7\u00e3o e partir pra cima.<br \/>\nNosso muito obrigado a todos que carinhosamente aceitaram nosso convite.<\/p>\n<p><a href=\"https:\/\/www.instagram.com\/p\/CDE2VcgH56Q\/?utm_medium=share_sheet\">Confira todas as fotos e coment\u00e1rios.<\/a><\/p>\n<p><a href=\"https:\/\/www.instagram.com\/explore\/tags\/maosquefazemmaeba\/\">#maosquefazemmaeba<\/a>\u00a0<a href=\"https:\/\/www.instagram.com\/explore\/tags\/turimoanchieta\/\">#turimoanchieta<\/a>\u00a0<a href=\"https:\/\/www.instagram.com\/explore\/tags\/capixabadagema\/\">#capixabadagema<\/a>\u00a0<a href=\"https:\/\/www.instagram.com\/explore\/tags\/terracapixaba\/\">#terracapixaba<\/a>\u00a0<a href=\"https:\/\/www.instagram.com\/explore\/tags\/mundocapixaba\/\">#mundocapixaba<\/a>\u00a0<a href=\"https:\/\/www.instagram.com\/explore\/tags\/euamoespiritosanto\/\">#euamoespiritosanto<\/a>\u00a0<a href=\"https:\/\/www.instagram.com\/explore\/tags\/projetosocial\/\">#projetosocial<\/a>\u00a0<a href=\"https:\/\/www.instagram.com\/explore\/tags\/sustentabilidade\/\">#sustentabilidade<\/a>\u00a0<a href=\"https:\/\/www.instagram.com\/explore\/tags\/inovacoes\/\">#inovacoes<\/a>\u00a0<a href=\"https:\/\/www.instagram.com\/explore\/tags\/voluntarios\/\">#voluntarios<\/a>\u00a0<a href=\"https:\/\/www.instagram.com\/explore\/tags\/acaovoluntaria\/\">#acaovoluntaria<\/a>\u00a0<a href=\"https:\/\/www.instagram.com\/explore\/tags\/inovacaoturistica\/\">#inovacaoturistica<\/a>\u00a0<a href=\"https:\/\/www.instagram.com\/explore\/tags\/fac%CC%A7aobem\/\">#fac\u0327aobem<\/a>\u00a0<a href=\"https:\/\/www.instagram.com\/explore\/tags\/pontosturisticoses\/\">#pontosturisticoses<\/a>\u00a0<a href=\"https:\/\/www.instagram.com\/explore\/tags\/balanc%CC%A7osdemadeira\/\">#balanc\u0327osdemadeira<\/a>\u00a0<a href=\"https:\/\/www.instagram.com\/explore\/tags\/balanc%CC%A7onapraia\/\">#balanc\u0327onapraia<\/a>\u00a0<a href=\"https:\/\/www.instagram.com\/explore\/tags\/lagoaes\/\">#lagoaes<\/a>\u00a0<a href=\"https:\/\/www.instagram.com\/explore\/tags\/falesiasturismo\/\">#falesiasturismo<\/a>\u00a0<a href=\"https:\/\/www.instagram.com\/explore\/tags\/praiases\/\">#praiases<\/a>\u00a0<a href=\"https:\/\/www.instagram.com\/explore\/tags\/falesiabeach\/\">#falesiabeach<\/a>\u00a0<a href=\"https:\/\/www.instagram.com\/explore\/tags\/moroondevocepassaferias\/\">#moroondevocepassaferias<\/a>\u00a0<a href=\"https:\/\/www.instagram.com\/explore\/tags\/vempraminhacidade\/\">#vempraminhacidade<\/a>\u00a0<a href=\"https:\/\/www.instagram.com\/explore\/tags\/trilhanalagoa\/\">#trilhanalagoa<\/a>\u00a0<a href=\"https:\/\/www.instagram.com\/explore\/tags\/passeiodebarco\/\">#passeiodebarco<\/a>\u00a0<a href=\"https:\/\/www.instagram.com\/explore\/tags\/turmadopedal\/\">#turmadopedal<\/a>\u00a0<a href=\"https:\/\/www.instagram.com\/explore\/tags\/bike\/\">#bike<\/a>\u00a0<a href=\"https:\/\/www.instagram.com\/explore\/tags\/pedalada\/\">#pedalada<\/a>\u00a0<a href=\"https:\/\/www.instagram.com\/explore\/tags\/passeiodebarconalagoa\/\">#passeiodebarconalagoa<\/a>\u00a0<a href=\"https:\/\/www.instagram.com\/explore\/tags\/passeiodebarcoanchieta\/\">#passeiodebarcoanchieta<\/a><\/p>\n","protected":false},"excerpt":{"rendered":"<p>Hoje aconteceu a primeira reuni\u00e3o do Desafio M\u00e3e-B\u00e1 internacional (Foco&#8230;<\/p>\n","protected":false},"author":1,"featured_media":1542,"comment_status":"open","ping_status":"open","sticky":false,"template":"","format":"standard","meta":{"_acf_changed":false,"footnotes":""},"categories":[181,182,184],"tags":[],"class_list":["post-1289","post","type-post","status-publish","format-standard","has-post-thumbnail","hentry","category-projeto","category-comunidades","category-na-midia"],"acf":[],"_links":{"self":[{"href":"https:\/\/turismoemrede.com.br\/index.php\/wp-json\/wp\/v2\/posts\/1289","targetHints":{"allow":["GET"]}}],"collection":[{"href":"https:\/\/turismoemrede.com.br\/index.php\/wp-json\/wp\/v2\/posts"}],"about":[{"href":"https:\/\/turismoemrede.com.br\/index.php\/wp-json\/wp\/v2\/types\/post"}],"author":[{"embeddable":true,"href":"https:\/\/turismoemrede.com.br\/index.php\/wp-json\/wp\/v2\/users\/1"}],"replies":[{"embeddable":true,"href":"https:\/\/turismoemrede.com.br\/index.php\/wp-json\/wp\/v2\/comments?post=1289"}],"version-history":[{"count":4,"href":"https:\/\/turismoemrede.com.br\/index.php\/wp-json\/wp\/v2\/posts\/1289\/revisions"}],"predecessor-version":[{"id":1544,"href":"https:\/\/turismoemrede.com.br\/index.php\/wp-json\/wp\/v2\/posts\/1289\/revisions\/1544"}],"wp:featuredmedia":[{"embeddable":true,"href":"https:\/\/turismoemrede.com.br\/index.php\/wp-json\/wp\/v2\/media\/1542"}],"wp:attachment":[{"href":"https:\/\/turismoemrede.com.br\/index.php\/wp-json\/wp\/v2\/media?parent=1289"}],"wp:term":[{"taxonomy":"category","embeddable":true,"href":"https:\/\/turismoemrede.com.br\/index.php\/wp-json\/wp\/v2\/categories?post=1289"},{"taxonomy":"post_tag","embeddable":true,"href":"https:\/\/turismoemrede.com.br\/index.php\/wp-json\/wp\/v2\/tags?post=1289"}],"curies":[{"name":"wp","href":"https:\/\/api.w.org\/{rel}","templated":true}]}}