{"id":1281,"date":"2021-11-06T05:18:01","date_gmt":"2021-11-06T05:18:01","guid":{"rendered":"http:\/\/turismoemrede.com.br\/?p=1281"},"modified":"2021-12-22T04:19:57","modified_gmt":"2021-12-22T04:19:57","slug":"1281","status":"publish","type":"post","link":"https:\/\/turismoemrede.com.br\/index.php\/2021\/11\/06\/1281\/","title":{"rendered":"Como Nasceu?"},"content":{"rendered":"<div class=\"wpb-content-wrapper\"><div class=\"vc_row wpb_row vc_row-fluid\"><div class=\"wpb_column vc_column_container vc_col-sm-12\"><div class=\"vc_column-inner\"><div class=\"wpb_wrapper\">\n\t<div class=\"wpb_text_column wpb_content_element\" >\n\t\t<div class=\"wpb_wrapper\">\n\t\t\t<p><img fetchpriority=\"high\" decoding=\"async\" class=\"size-medium wp-image-1282 alignleft\" src=\"https:\/\/turismoemrede.com.br\/wp-content\/uploads\/2021\/11\/2021-11-05-20_33_42-Conteudo-do-site.docx-Modo-de-Exibicao-Protegido-Word-300x264.jpg\" alt=\"\" width=\"300\" height=\"264\" srcset=\"https:\/\/turismoemrede.com.br\/wp-content\/uploads\/2021\/11\/2021-11-05-20_33_42-Conteudo-do-site.docx-Modo-de-Exibicao-Protegido-Word-300x264.jpg 300w, https:\/\/turismoemrede.com.br\/wp-content\/uploads\/2021\/11\/2021-11-05-20_33_42-Conteudo-do-site.docx-Modo-de-Exibicao-Protegido-Word-600x529.jpg 600w, https:\/\/turismoemrede.com.br\/wp-content\/uploads\/2021\/11\/2021-11-05-20_33_42-Conteudo-do-site.docx-Modo-de-Exibicao-Protegido-Word.jpg 674w\" sizes=\"(max-width: 300px) 100vw, 300px\" \/>Ol\u00e1,<\/p>\n<p>sou Cristine Aoni, idealizadora do Projeto Turismo em Rede!<\/p>\n<p>Tudo come\u00e7ou quando senti a necessidade de compartilhar com empres\u00e1rios do turismo conhecimento e experi\u00eancias adquiridas em viagens, como intercambista e mochileira, com o objetivo de melhorarem seus neg\u00f3cios, adaptando-os ao novo perfil do turista, para que tivessem sucesso.<\/p>\n<p>Escrevi ent\u00e3o uma mat\u00e9ria para o Sebrae Nacional, com o t\u00edtulo \u201cO turista mudou, e agora?\u201d. N\u00e3o resolveu, pois percebi que as pessoas n\u00e3o liam. Resolvi transformar o conte\u00fado em capacita\u00e7\u00e3o e criei uma palestra e uma oficina com o mesmo tema. Ela foi aplicada em agosto de 2018 no Circuito do Imigrantes, pois eles estavam buscando uma a\u00e7\u00e3o de turismo e casou perfeitamente com a nossa necessidade de pilotar a oficina. Foi um sucesso! De l\u00e1 para c\u00e1 foram realizadas mais de 10 capacita\u00e7\u00f5es, presenciais e online.<\/p>\n<p>A bagagem foi aumentando e em 2018 foi elaborado o estudo de caso <a href=\"https:\/\/observatoriodoturismo.es.gov.br\/Media\/observatorio\/Publicacoes\/Outras\/Artigos\/Artigo%20Turismo%20em%20Rede%20-%20Cristine%20Aoni.pdf\">(TCC) TURISMO EM REDE &#8211; CONSTRU\u00c7\u00c3O DE DESTINOS INTELIGENTES: O CASO DO MUNIC\u00cdPIO DE ANCHIETA &#8211; ES.<\/a><\/p>\n<p>N\u00e3o satisfeita, desejei transformar o Turismo em Rede num programa que mesclava mapeamento, capacita\u00e7\u00f5es e consultorias. Quando ainda analista do Sebrae\/ES, a solu\u00e7\u00e3o foi apresentada no desafio nacional Inova Sebrae e no desafio do Minist\u00e9rio do Turismo.<\/p>\n<p>Cheguei a fazer parte da cria\u00e7\u00e3o de uma startup de turismo que foi premiada com participa\u00e7\u00e3o na Campus Party Brasil (CPBR22), maior evento de inova\u00e7\u00e3o da Am\u00e9rica Latina. Foi um tempo de muito aprendizado. Sa\u00ed para focar no meu projeto de vida: Turismo em Rede.<\/p>\n<p>Algumas tentativas foram feitas para inserir o projeto no trabalho. Infelizmente n\u00e3o cabia na fun\u00e7\u00e3o que eu ocupava. A\u00ed veio a Pandemia e tudo mudou!<\/p>\n<p>Sobrecarregada e desgastada de tentar conciliar tarefas home office, dom\u00e9sticas e demandas familiares num clima tenso que pesou sobre a humanidade, sonhei e fui convidada a fazer um tour na comunidade de Maeb\u00e1, Anchieta-ES. Meus olhos voltaram a brilhar e vi que era ali onde meu cora\u00e7\u00e3o desejava transbordar. Comecei a servir como volunt\u00e1ria no Movimento \u201cM\u00e3os que fazem Maeb\u00e1\u201d, o que encheu meu cora\u00e7\u00e3o de alegria. Desejei transformar essa troca de saberes e imers\u00e3o na comunidade em estilo de vida e passei a inserir as a\u00e7\u00f5es que estavam sendo desenvolvidas no novo formato do projeto Turismo em Rede, que foi apresentado em diversos desafios de turismo e aprimorado a cada novo edital.<\/p>\n<p>Em 2021 surgiu oportunidade de submeter o projeto ao edital de uma multinacional. Havia necessidade de crescer o projeto e propor uma solu\u00e7\u00e3o mais completa. Foi quando surgiu a ideia de unir pessoas especializadas nas \u00e1reas complementares (Imers\u00e3o, Banco de Imagens, M\u00eddias Digitais, Iconografia). Essa conex\u00e3o de deu atrav\u00e9s de rela\u00e7\u00e3o de profunda confian\u00e7a, de respeito e admira\u00e7\u00e3o do trabalho um do outro.<\/p>\n<p>N\u00e3o ganhamos o edital, ganhamos algo muito maior. Sabedoria, aprendizado, harmonia e a certeza de que unindo nossos esfor\u00e7os num objetivo comum (desenvolver o turismo do ES), fortalecemos nossos talentos e somos capazes de gerar mais e melhores frutos do que se fiz\u00e9ssemos isoladamente.<\/p>\n<p>Agora novas conex\u00f5es de pessoas, especialidades e vertentes est\u00e3o acontecendo naturalmente, como \u00e9 para ser. Afinal estamos na era do H2H, de pessoa para pessoa.<\/p>\n<p>Assim floresce o Turismo em Rede na sua nova forma: uma solu\u00e7\u00e3o integrada, customizada e especializada em turismo, que pode ser adquirida na sua modalidade mais completa, como tamb\u00e9m na vers\u00e3o parcial, cada uma de suas vertentes, de acordo com a demanda do destino.<\/p>\n<p>Gratid\u00e3o a Deus que conduziu e conduz todo esse processo e a cada ser humano incr\u00edvel que faz parte dessa rede!<\/p>\n<p>Cristine Aoni<\/p>\n\n\t\t<\/div>\n\t<\/div>\n<\/div><\/div><\/div><\/div>\n<\/div>","protected":false},"excerpt":{"rendered":"Ol\u00e1, sou Cristine Aoni, idealizadora do Projeto Turismo em Rede!...","protected":false},"author":1,"featured_media":1282,"comment_status":"open","ping_status":"open","sticky":false,"template":"","format":"standard","meta":{"_acf_changed":false,"footnotes":""},"categories":[181],"tags":[],"class_list":["post-1281","post","type-post","status-publish","format-standard","has-post-thumbnail","hentry","category-projeto"],"acf":[],"_links":{"self":[{"href":"https:\/\/turismoemrede.com.br\/index.php\/wp-json\/wp\/v2\/posts\/1281","targetHints":{"allow":["GET"]}}],"collection":[{"href":"https:\/\/turismoemrede.com.br\/index.php\/wp-json\/wp\/v2\/posts"}],"about":[{"href":"https:\/\/turismoemrede.com.br\/index.php\/wp-json\/wp\/v2\/types\/post"}],"author":[{"embeddable":true,"href":"https:\/\/turismoemrede.com.br\/index.php\/wp-json\/wp\/v2\/users\/1"}],"replies":[{"embeddable":true,"href":"https:\/\/turismoemrede.com.br\/index.php\/wp-json\/wp\/v2\/comments?post=1281"}],"version-history":[{"count":2,"href":"https:\/\/turismoemrede.com.br\/index.php\/wp-json\/wp\/v2\/posts\/1281\/revisions"}],"predecessor-version":[{"id":1284,"href":"https:\/\/turismoemrede.com.br\/index.php\/wp-json\/wp\/v2\/posts\/1281\/revisions\/1284"}],"wp:featuredmedia":[{"embeddable":true,"href":"https:\/\/turismoemrede.com.br\/index.php\/wp-json\/wp\/v2\/media\/1282"}],"wp:attachment":[{"href":"https:\/\/turismoemrede.com.br\/index.php\/wp-json\/wp\/v2\/media?parent=1281"}],"wp:term":[{"taxonomy":"category","embeddable":true,"href":"https:\/\/turismoemrede.com.br\/index.php\/wp-json\/wp\/v2\/categories?post=1281"},{"taxonomy":"post_tag","embeddable":true,"href":"https:\/\/turismoemrede.com.br\/index.php\/wp-json\/wp\/v2\/tags?post=1281"}],"curies":[{"name":"wp","href":"https:\/\/api.w.org\/{rel}","templated":true}]}}